{"id":1042,"date":"2026-04-28T15:10:00","date_gmt":"2026-04-28T13:10:00","guid":{"rendered":"https:\/\/www.vivier-au-court.fr\/?p=1042"},"modified":"2026-04-28T15:10:26","modified_gmt":"2026-04-28T13:10:26","slug":"commemoration-du-8-mai-2026","status":"publish","type":"post","link":"https:\/\/www.vivier-au-court.fr\/?p=1042","title":{"rendered":"Comm\u00e9moration du 8 mai 2026"},"content":{"rendered":"\n<figure class=\"wp-block-image size-large\"><img loading=\"lazy\" decoding=\"async\" width=\"793\" height=\"1024\" src=\"https:\/\/www.vivier-au-court.fr\/wp-content\/uploads\/2026\/04\/image-2-793x1024.png\" alt=\"Anniversaire de l\u2019ARMISTICE du 8 MAI 1945\nRASSEMBLEMENT 9H30 Place de la R\u00e9publique\nDEPART 9H45 \nITINERAIRE Rues : Ren\u00e9 Gouverneur \u2013 Ville Aux Vaux\n Tambach-Dietharz \u2013 Terre la Tour \n D\u00e9p\u00f4t d\u2019un coussin au Monument aux Morts \n Anniversaire de l\u2019Armistice\n Lecture du Message\n Reprise du d\u00e9fil\u00e9 vers le Pr\u00e9au Panier\n Vin d\u2019honneur servi au Pr\u00e9au Panier\" class=\"wp-image-1043\" srcset=\"https:\/\/www.vivier-au-court.fr\/wp-content\/uploads\/2026\/04\/image-2-793x1024.png 793w, https:\/\/www.vivier-au-court.fr\/wp-content\/uploads\/2026\/04\/image-2-232x300.png 232w, https:\/\/www.vivier-au-court.fr\/wp-content\/uploads\/2026\/04\/image-2-768x991.png 768w, https:\/\/www.vivier-au-court.fr\/wp-content\/uploads\/2026\/04\/image-2.png 897w\" sizes=\"auto, (max-width: 793px) 100vw, 793px\" \/><\/figure>\n","protected":false},"excerpt":{"rendered":"","protected":false},"author":1,"featured_media":1043,"comment_status":"closed","ping_status":"","sticky":false,"template":"","format":"standard","meta":{"footnotes":""},"categories":[7],"tags":[],"class_list":["post-1042","post","type-post","status-publish","format-standard","has-post-thumbnail","hentry","category-actualite"],"_links":{"self":[{"href":"https:\/\/www.vivier-au-court.fr\/index.php?rest_route=\/wp\/v2\/posts\/1042","targetHints":{"allow":["GET"]}}],"collection":[{"href":"https:\/\/www.vivier-au-court.fr\/index.php?rest_route=\/wp\/v2\/posts"}],"about":[{"href":"https:\/\/www.vivier-au-court.fr\/index.php?rest_route=\/wp\/v2\/types\/post"}],"author":[{"embeddable":true,"href":"https:\/\/www.vivier-au-court.fr\/index.php?rest_route=\/wp\/v2\/users\/1"}],"replies":[{"embeddable":true,"href":"https:\/\/www.vivier-au-court.fr\/index.php?rest_route=%2Fwp%2Fv2%2Fcomments&post=1042"}],"version-history":[{"count":1,"href":"https:\/\/www.vivier-au-court.fr\/index.php?rest_route=\/wp\/v2\/posts\/1042\/revisions"}],"predecessor-version":[{"id":1044,"href":"https:\/\/www.vivier-au-court.fr\/index.php?rest_route=\/wp\/v2\/posts\/1042\/revisions\/1044"}],"wp:featuredmedia":[{"embeddable":true,"href":"https:\/\/www.vivier-au-court.fr\/index.php?rest_route=\/wp\/v2\/media\/1043"}],"wp:attachment":[{"href":"https:\/\/www.vivier-au-court.fr\/index.php?rest_route=%2Fwp%2Fv2%2Fmedia&parent=1042"}],"wp:term":[{"taxonomy":"category","embeddable":true,"href":"https:\/\/www.vivier-au-court.fr\/index.php?rest_route=%2Fwp%2Fv2%2Fcategories&post=1042"},{"taxonomy":"post_tag","embeddable":true,"href":"https:\/\/www.vivier-au-court.fr\/index.php?rest_route=%2Fwp%2Fv2%2Ftags&post=1042"}],"curies":[{"name":"wp","href":"https:\/\/api.w.org\/{rel}","templated":true}]}}